{"id":3199,"date":"2026-08-31T09:40:10","date_gmt":"2026-08-31T07:40:10","guid":{"rendered":"https:\/\/timf.upg-ploiesti.ro\/www\/?p=3199"},"modified":"2026-08-31T09:41:01","modified_gmt":"2026-08-31T07:41:01","slug":"in-memoriam-miron-oprea","status":"publish","type":"post","link":"https:\/\/timf.upg-ploiesti.ro\/www\/2026\/08\/31\/in-memoriam-miron-oprea\/","title":{"rendered":"In memoriam"},"content":{"rendered":"\n<h2><strong><em>Prof. dr. mat. Miron Oprea<\/em><\/strong><br><em>1931-2026<\/em><\/h2>\n\n\n\n<div class=\"wp-block-image\"><figure class=\"alignleft size-full is-resized\"><img loading=\"lazy\" src=\"https:\/\/timf.upg-ploiesti.ro\/www\/wp-content\/uploads\/2026\/08\/Miron-Oprea.jpeg\" alt=\"\" class=\"wp-image-3200\" width=\"125\" height=\"200\"\/><\/figure><\/div>\n\n\n\n<p><\/p>\n\n\n\n<p>Cu profund\u0103 triste\u021be ne lu\u0103m r\u0103mas-bun de la <strong>prof. dr. mat. Miron Oprea<\/strong>, distins matematician, dasc\u0103l \u0219i intelectual ploie\u0219tean, a c\u0103rui \u00eendelungat\u0103 activitate a l\u0103sat o amprent\u0103 puternic\u0103 asupra \u00eenv\u0103\u021b\u0103m\u00e2ntului universitar \u0219i a vie\u021bii \u0219tiin\u021bifice \u0219i culturale din Prahova.<\/p>\n\n\n\n<p>Timp de aproape patru decenii, profesorul Miron Oprea \u0219i-a legat numele de \u00eenv\u0103\u021b\u0103m\u00e2ntul superior ploie\u0219tean. A fost nu doar un profesor de matematic\u0103, ci un dasc\u0103l preocupat de fundamentele, istoria \u0219i sensurile acestei \u0219tiin\u021be. Dup\u0103 pensionarea din anul 2001, a continuat s\u0103 predea istoria matematicii.<\/p>\n\n\n\n<p>Activitatea sa a dep\u0103\u0219it \u00eens\u0103 cu mult limitele catedrei universitare. Profesorul Miron Oprea s-a implicat activ \u00een dezvoltarea comunit\u0103\u021bii \u0219tiin\u021bifice prahovene. \u00centre 1968 \u0219i 1975 a condus filiala Prahova a Societ\u0103\u021bii de \u0218tiin\u021be Matematice din Rom\u00e2nia, contribuind la dezvoltarea \u0219i diversificarea activit\u0103\u021bii matematice din jude\u021b.<\/p>\n\n\n\n<p>\u00cen anul 1992, al\u0103turi de al\u021bi oameni de \u0219tiin\u021b\u0103, a participat la \u00eenfiin\u021barea Funda\u021biei Oamenilor de \u0218tiin\u021b\u0103 Prahova, pe care avea s\u0103 o conduc\u0103 \u00eencep\u00e2nd din 1998.<\/p>\n\n\n\n<p>Numele s\u0103u este legat \u0219i de revista <em>Axioma<\/em>, publica\u021bie de \u0219tiin\u021b\u0103, art\u0103, cultur\u0103 \u0219i religie, ap\u0103rut\u0103 \u00een anul 2000 \u0219i devenit\u0103 un loc de \u00eent\u00e2lnire \u0219i dialog pentru oameni de \u0219tiin\u021b\u0103, profesori, intelectuali \u0219i tineri cercet\u0103tori.<\/p>\n\n\n\n<p>Plecarea sa las\u0103 un gol \u00een comunitatea academic\u0103 a Universit\u0103\u021bii Petrol-Gaze din Ploie\u0219ti \u0219i \u00een lumea intelectual\u0103 prahovean\u0103. Genera\u021biile de studen\u021bi c\u0103rora le-a fost profesor, colegii \u0219i to\u021bi cei care au colaborat cu domnia sa vor p\u0103stra memoria unui om care \u0219i-a dedicat cea mai mare parte a vie\u021bii matematicii, educa\u021biei \u0219i cultiv\u0103rii spiritului \u0219tiin\u021bific.<\/p>\n\n\n\n<p><em>Dumnezeu s\u0103-l odihneasc\u0103 \u00een pace!<\/em><\/p>\n","protected":false},"excerpt":{"rendered":"<p>Prof. dr. mat. Miron Oprea1931-2026 Cu profund\u0103 triste\u021be ne lu\u0103m r\u0103mas-bun de la prof. dr. mat. Miron Oprea, distins matematician, dasc\u0103l \u0219i intelectual ploie\u0219tean, a c\u0103rui \u00eendelungat\u0103 activitate a l\u0103sat o amprent\u0103 puternic\u0103 asupra \u00eenv\u0103\u021b\u0103m\u00e2ntului universitar \u0219i a vie\u021bii \u0219tiin\u021bifice <a href=\"https:\/\/timf.upg-ploiesti.ro\/www\/2026\/08\/31\/in-memoriam-miron-oprea\/\" class=\"read-more\">Cite\u0219te mai mult &#8230;<\/a><\/p>\n","protected":false},"author":5,"featured_media":0,"comment_status":"closed","ping_status":"closed","sticky":false,"template":"","format":"standard","meta":[],"categories":[5],"tags":[120,226],"_links":{"self":[{"href":"https:\/\/timf.upg-ploiesti.ro\/www\/wp-json\/wp\/v2\/posts\/3199"}],"collection":[{"href":"https:\/\/timf.upg-ploiesti.ro\/www\/wp-json\/wp\/v2\/posts"}],"about":[{"href":"https:\/\/timf.upg-ploiesti.ro\/www\/wp-json\/wp\/v2\/types\/post"}],"author":[{"embeddable":true,"href":"https:\/\/timf.upg-ploiesti.ro\/www\/wp-json\/wp\/v2\/users\/5"}],"replies":[{"embeddable":true,"href":"https:\/\/timf.upg-ploiesti.ro\/www\/wp-json\/wp\/v2\/comments?post=3199"}],"version-history":[{"count":1,"href":"https:\/\/timf.upg-ploiesti.ro\/www\/wp-json\/wp\/v2\/posts\/3199\/revisions"}],"predecessor-version":[{"id":3201,"href":"https:\/\/timf.upg-ploiesti.ro\/www\/wp-json\/wp\/v2\/posts\/3199\/revisions\/3201"}],"wp:attachment":[{"href":"https:\/\/timf.upg-ploiesti.ro\/www\/wp-json\/wp\/v2\/media?parent=3199"}],"wp:term":[{"taxonomy":"category","embeddable":true,"href":"https:\/\/timf.upg-ploiesti.ro\/www\/wp-json\/wp\/v2\/categories?post=3199"},{"taxonomy":"post_tag","embeddable":true,"href":"https:\/\/timf.upg-ploiesti.ro\/www\/wp-json\/wp\/v2\/tags?post=3199"}],"curies":[{"name":"wp","href":"https:\/\/api.w.org\/{rel}","templated":true}]}}