{"id":2393,"date":"2023-04-24T20:42:26","date_gmt":"2023-04-24T18:42:26","guid":{"rendered":"https:\/\/timf.upg-ploiesti.ro\/www\/?p=2393"},"modified":"2023-04-24T20:44:38","modified_gmt":"2023-04-24T18:44:38","slug":"workshop-concepte-din-domeniul-fizicii-cuantice-cu-implicatii-in-evolutia-erei-informationale","status":"publish","type":"post","link":"https:\/\/timf.upg-ploiesti.ro\/www\/2023\/04\/24\/workshop-concepte-din-domeniul-fizicii-cuantice-cu-implicatii-in-evolutia-erei-informationale\/","title":{"rendered":"Workshop &#8220;Concepte din domeniul fizicii cuantice cu implica\u021bii \u00een evolu\u021bia erei informa\u021bionale&#8221;, 8 iunie 2023, ora 11"},"content":{"rendered":"\n<p>Colectivul de fizic\u0103 al departamentului ITIMF v\u0103 invit\u0103 s\u0103 participa\u021bi la workshop-ul &#8220;<strong>Concepte din domeniul fizicii cuantice cu implica\u021bii \u00een evolu\u021bia erei informa\u021bionale<\/strong>&#8221; ce va avea loc \u00een data de <strong>8 iunie 2023<\/strong>, <strong>ora 11<\/strong>, <strong>sala E V 12<\/strong>.<\/p>\n\n\n\n<p>Afi\u0219ul evenimentului:<\/p>\n\n\n\n<figure class=\"wp-block-image size-large is-style-default\"><img loading=\"lazy\" width=\"1024\" height=\"724\" src=\"https:\/\/timf.upg-ploiesti.ro\/www\/wp-content\/uploads\/2023\/04\/Afis_workshop_8.06.2023-1024x724.jpg\" alt=\"\" class=\"wp-image-2394\" srcset=\"https:\/\/timf.upg-ploiesti.ro\/www\/wp-content\/uploads\/2023\/04\/Afis_workshop_8.06.2023-1024x724.jpg 1024w, https:\/\/timf.upg-ploiesti.ro\/www\/wp-content\/uploads\/2023\/04\/Afis_workshop_8.06.2023-300x212.jpg 300w, https:\/\/timf.upg-ploiesti.ro\/www\/wp-content\/uploads\/2023\/04\/Afis_workshop_8.06.2023-768x543.jpg 768w, https:\/\/timf.upg-ploiesti.ro\/www\/wp-content\/uploads\/2023\/04\/Afis_workshop_8.06.2023-1536x1086.jpg 1536w, https:\/\/timf.upg-ploiesti.ro\/www\/wp-content\/uploads\/2023\/04\/Afis_workshop_8.06.2023-2048x1448.jpg 2048w, https:\/\/timf.upg-ploiesti.ro\/www\/wp-content\/uploads\/2023\/04\/Afis_workshop_8.06.2023-360x255.jpg 360w\" sizes=\"(max-width: 1024px) 100vw, 1024px\" \/><\/figure>\n","protected":false},"excerpt":{"rendered":"<p>Colectivul de fizic\u0103 al departamentului ITIMF v\u0103 invit\u0103 s\u0103 participa\u021bi la workshop-ul &#8220;Concepte din domeniul fizicii cuantice cu implica\u021bii \u00een evolu\u021bia erei informa\u021bionale&#8221; ce va avea loc \u00een data de 8 iunie 2023, ora 11, sala E V 12. Afi\u0219ul <a href=\"https:\/\/timf.upg-ploiesti.ro\/www\/2023\/04\/24\/workshop-concepte-din-domeniul-fizicii-cuantice-cu-implicatii-in-evolutia-erei-informationale\/\" class=\"read-more\">Cite\u0219te mai mult &#8230;<\/a><\/p>\n","protected":false},"author":5,"featured_media":0,"comment_status":"closed","ping_status":"closed","sticky":false,"template":"","format":"standard","meta":[],"categories":[3,5],"tags":[190],"_links":{"self":[{"href":"https:\/\/timf.upg-ploiesti.ro\/www\/wp-json\/wp\/v2\/posts\/2393"}],"collection":[{"href":"https:\/\/timf.upg-ploiesti.ro\/www\/wp-json\/wp\/v2\/posts"}],"about":[{"href":"https:\/\/timf.upg-ploiesti.ro\/www\/wp-json\/wp\/v2\/types\/post"}],"author":[{"embeddable":true,"href":"https:\/\/timf.upg-ploiesti.ro\/www\/wp-json\/wp\/v2\/users\/5"}],"replies":[{"embeddable":true,"href":"https:\/\/timf.upg-ploiesti.ro\/www\/wp-json\/wp\/v2\/comments?post=2393"}],"version-history":[{"count":3,"href":"https:\/\/timf.upg-ploiesti.ro\/www\/wp-json\/wp\/v2\/posts\/2393\/revisions"}],"predecessor-version":[{"id":2397,"href":"https:\/\/timf.upg-ploiesti.ro\/www\/wp-json\/wp\/v2\/posts\/2393\/revisions\/2397"}],"wp:attachment":[{"href":"https:\/\/timf.upg-ploiesti.ro\/www\/wp-json\/wp\/v2\/media?parent=2393"}],"wp:term":[{"taxonomy":"category","embeddable":true,"href":"https:\/\/timf.upg-ploiesti.ro\/www\/wp-json\/wp\/v2\/categories?post=2393"},{"taxonomy":"post_tag","embeddable":true,"href":"https:\/\/timf.upg-ploiesti.ro\/www\/wp-json\/wp\/v2\/tags?post=2393"}],"curies":[{"name":"wp","href":"https:\/\/api.w.org\/{rel}","templated":true}]}}