{"id":531,"date":"2017-11-22T00:37:01","date_gmt":"2017-11-21T22:37:01","guid":{"rendered":"https:\/\/timf.upg-ploiesti.ro\/ls\/?p=531"},"modified":"2017-11-22T00:42:47","modified_gmt":"2017-11-21T22:42:47","slug":"alegeri-pentru-consiliul-facultatii-de-litere-si-stiinte-studenti-turul-iii","status":"publish","type":"post","link":"https:\/\/timf.upg-ploiesti.ro\/ls\/alegeri-pentru-consiliul-facultatii-de-litere-si-stiinte-studenti-turul-iii\/","title":{"rendered":"Alegeri pentru Consiliul Facult\u0103\u0163ii de Litere \u015fi \u015etiin\u0163e\/studen\u021bi &#8211; turul III"},"content":{"rendered":"<p>Sunte\u0163i invitat\/\u0103 s\u0103 participa\u0163i \u00een calitate de student al Facult\u0103\u021bii de Litere \u0219i \u0218tiin\u021be la alegerile pentru ocuparea locurilor vacante din Consiliul Facult\u0103\u0163ii de Litere \u015fi \u015etiin\u0163e care vor avea loc \u00een ziua de 23.11.2017, \u00eentre orele 9.30 &#8211; 12.00, sala Ion B\u0103lu (corp A, etajul II).<\/p>\n<p>V\u0103 mul\u021bumim pentru participare.<\/p>\n","protected":false},"excerpt":{"rendered":"<p>Sunte\u0163i invitat\/\u0103 s\u0103 participa\u0163i \u00een calitate de student al Facult\u0103\u021bii de Litere \u0219i \u0218tiin\u021be la alegerile pentru ocuparea locurilor vacante din Consiliul Facult\u0103\u0163ii de Litere \u015fi \u015etiin\u0163e care vor avea loc \u00een ziua de 23.11.2017, \u00eentre orele 9.30 &#8211; 12.00, sala Ion B\u0103lu (corp A, etajul II). V\u0103 mul\u021bumim pentru participare.<\/p>\n","protected":false},"author":2,"featured_media":0,"comment_status":"closed","ping_status":"open","sticky":false,"template":"","format":"standard","meta":[],"categories":[5,6,4,7],"tags":[],"_links":{"self":[{"href":"https:\/\/timf.upg-ploiesti.ro\/ls\/wp-json\/wp\/v2\/posts\/531"}],"collection":[{"href":"https:\/\/timf.upg-ploiesti.ro\/ls\/wp-json\/wp\/v2\/posts"}],"about":[{"href":"https:\/\/timf.upg-ploiesti.ro\/ls\/wp-json\/wp\/v2\/types\/post"}],"author":[{"embeddable":true,"href":"https:\/\/timf.upg-ploiesti.ro\/ls\/wp-json\/wp\/v2\/users\/2"}],"replies":[{"embeddable":true,"href":"https:\/\/timf.upg-ploiesti.ro\/ls\/wp-json\/wp\/v2\/comments?post=531"}],"version-history":[{"count":2,"href":"https:\/\/timf.upg-ploiesti.ro\/ls\/wp-json\/wp\/v2\/posts\/531\/revisions"}],"predecessor-version":[{"id":533,"href":"https:\/\/timf.upg-ploiesti.ro\/ls\/wp-json\/wp\/v2\/posts\/531\/revisions\/533"}],"wp:attachment":[{"href":"https:\/\/timf.upg-ploiesti.ro\/ls\/wp-json\/wp\/v2\/media?parent=531"}],"wp:term":[{"taxonomy":"category","embeddable":true,"href":"https:\/\/timf.upg-ploiesti.ro\/ls\/wp-json\/wp\/v2\/categories?post=531"},{"taxonomy":"post_tag","embeddable":true,"href":"https:\/\/timf.upg-ploiesti.ro\/ls\/wp-json\/wp\/v2\/tags?post=531"}],"curies":[{"name":"wp","href":"https:\/\/api.w.org\/{rel}","templated":true}]}}