{"id":529,"date":"2017-11-15T21:29:46","date_gmt":"2017-11-15T19:29:46","guid":{"rendered":"https:\/\/timf.upg-ploiesti.ro\/ls\/?p=529"},"modified":"2017-11-15T21:29:46","modified_gmt":"2017-11-15T19:29:46","slug":"alegeri-pentru-consiliul-facultatii-de-litere-si-stiinte-studenti","status":"publish","type":"post","link":"https:\/\/timf.upg-ploiesti.ro\/ls\/alegeri-pentru-consiliul-facultatii-de-litere-si-stiinte-studenti\/","title":{"rendered":"Alegeri pentru Consiliul Facult\u0103\u0163ii de Litere \u015fi \u015etiin\u0163e &#8211; studen\u021bi"},"content":{"rendered":"<p>Sunte\u0163i invitat\/\u0103 s\u0103 participa\u0163i \u00een calitate de student al Facult\u0103\u021bii de Litere \u0219i \u0218tiin\u021be la alegerile pentru ocuparea locurilor vacante din Consiliul Facult\u0103\u0163ii de Litere \u015fi \u015etiin\u0163e \u0219i din Senatul Universit\u0103\u021bii Petrol-Gaze din Ploie\u0219ti care vor avea loc \u00een ziua de 21.11.2017, \u00eentre orele 9.00 &#8211; 11.00, sala Ion B\u0103lu (corp A, etajul II).<\/p>\n<p>\u00cen cazul \u00een care la primul scrutin nu se prezint\u0103 50% +1 dintre studen\u021bii Facult\u0103\u021bii de Litere \u0219i \u0218tiin\u021be, se va organiza al doilea tur de scrutin \u00eentre orele 12.00-15.30 \u00een aceea\u0219i sal\u0103.<\/p>\n<p>V\u0103 mul\u021bumim pentru participare.<\/p>\n","protected":false},"excerpt":{"rendered":"<p>Sunte\u0163i invitat\/\u0103 s\u0103 participa\u0163i \u00een calitate de student al Facult\u0103\u021bii de Litere \u0219i \u0218tiin\u021be la alegerile pentru ocuparea locurilor vacante din Consiliul Facult\u0103\u0163ii de Litere \u015fi \u015etiin\u0163e \u0219i din Senatul Universit\u0103\u021bii Petrol-Gaze din Ploie\u0219ti care vor avea loc \u00een ziua de 21.11.2017, \u00eentre orele 9.00 &#8211; 11.00, sala Ion B\u0103lu (corp A, etajul II). \u00cen &hellip; <a href=\"https:\/\/timf.upg-ploiesti.ro\/ls\/alegeri-pentru-consiliul-facultatii-de-litere-si-stiinte-studenti\/\" class=\"more-link\">Continue reading <span class=\"screen-reader-text\">Alegeri pentru Consiliul Facult\u0103\u0163ii de Litere \u015fi \u015etiin\u0163e &#8211; studen\u021bi<\/span> <span class=\"meta-nav\">&rarr;<\/span><\/a><\/p>\n","protected":false},"author":2,"featured_media":0,"comment_status":"closed","ping_status":"open","sticky":false,"template":"","format":"standard","meta":[],"categories":[5,6,7],"tags":[],"_links":{"self":[{"href":"https:\/\/timf.upg-ploiesti.ro\/ls\/wp-json\/wp\/v2\/posts\/529"}],"collection":[{"href":"https:\/\/timf.upg-ploiesti.ro\/ls\/wp-json\/wp\/v2\/posts"}],"about":[{"href":"https:\/\/timf.upg-ploiesti.ro\/ls\/wp-json\/wp\/v2\/types\/post"}],"author":[{"embeddable":true,"href":"https:\/\/timf.upg-ploiesti.ro\/ls\/wp-json\/wp\/v2\/users\/2"}],"replies":[{"embeddable":true,"href":"https:\/\/timf.upg-ploiesti.ro\/ls\/wp-json\/wp\/v2\/comments?post=529"}],"version-history":[{"count":1,"href":"https:\/\/timf.upg-ploiesti.ro\/ls\/wp-json\/wp\/v2\/posts\/529\/revisions"}],"predecessor-version":[{"id":530,"href":"https:\/\/timf.upg-ploiesti.ro\/ls\/wp-json\/wp\/v2\/posts\/529\/revisions\/530"}],"wp:attachment":[{"href":"https:\/\/timf.upg-ploiesti.ro\/ls\/wp-json\/wp\/v2\/media?parent=529"}],"wp:term":[{"taxonomy":"category","embeddable":true,"href":"https:\/\/timf.upg-ploiesti.ro\/ls\/wp-json\/wp\/v2\/categories?post=529"},{"taxonomy":"post_tag","embeddable":true,"href":"https:\/\/timf.upg-ploiesti.ro\/ls\/wp-json\/wp\/v2\/tags?post=529"}],"curies":[{"name":"wp","href":"https:\/\/api.w.org\/{rel}","templated":true}]}}