{"id":527,"date":"2017-11-15T21:27:10","date_gmt":"2017-11-15T19:27:10","guid":{"rendered":"https:\/\/timf.upg-ploiesti.ro\/ls\/?p=527"},"modified":"2017-11-15T21:28:16","modified_gmt":"2017-11-15T19:28:16","slug":"alegeri-pentru-consiliul-facultatii-de-litere-si-stiinte-cadre-didactice","status":"publish","type":"post","link":"https:\/\/timf.upg-ploiesti.ro\/ls\/alegeri-pentru-consiliul-facultatii-de-litere-si-stiinte-cadre-didactice\/","title":{"rendered":"Alegeri pentru Consiliul Facult\u0103\u0163ii de Litere \u015fi \u015etiin\u0163e &#8211; cadre didactice"},"content":{"rendered":"<p>Sunte\u0163i invitat\/\u0103 s\u0103 participa\u0163i \u00een calitate de cadru didactic \u00eenscris \u00een Lista electoral\u0103 a Facult\u0103\u021bii de Litere \u0219i \u0218tiin\u021be la alegerile pentru ocuparea locurilor vacante din Consiliul Facult\u0103\u0163ii de Litere \u015fi \u015etiin\u0163e care vor avea loc \u00een ziua de 21.11.2017, \u00eentre orele 9.00 &#8211; 11.00, sala Ion B\u0103lu (corp A, etajul II).<\/p>\n<p>\u00cen cazul \u00een care la primul scrutin nu se prezint\u0103 50% +1 dintre cadrele didactice Facult\u0103\u021bii de Litere \u0219i \u0218tiin\u021be, se va organiza al doilea tur de scrutin \u00eentre orele 12.00-15.30 \u00een aceea\u0219i sal\u0103.<\/p>\n<p>V\u0103 mul\u021bumim pentru participare.<\/p>\n","protected":false},"excerpt":{"rendered":"<p>Sunte\u0163i invitat\/\u0103 s\u0103 participa\u0163i \u00een calitate de cadru didactic \u00eenscris \u00een Lista electoral\u0103 a Facult\u0103\u021bii de Litere \u0219i \u0218tiin\u021be la alegerile pentru ocuparea locurilor vacante din Consiliul Facult\u0103\u0163ii de Litere \u015fi \u015etiin\u0163e care vor avea loc \u00een ziua de 21.11.2017, \u00eentre orele 9.00 &#8211; 11.00, sala Ion B\u0103lu (corp A, etajul II). \u00cen cazul \u00een &hellip; <a href=\"https:\/\/timf.upg-ploiesti.ro\/ls\/alegeri-pentru-consiliul-facultatii-de-litere-si-stiinte-cadre-didactice\/\" class=\"more-link\">Continue reading <span class=\"screen-reader-text\">Alegeri pentru Consiliul Facult\u0103\u0163ii de Litere \u015fi \u015etiin\u0163e &#8211; cadre didactice<\/span> <span class=\"meta-nav\">&rarr;<\/span><\/a><\/p>\n","protected":false},"author":2,"featured_media":0,"comment_status":"closed","ping_status":"open","sticky":false,"template":"","format":"standard","meta":[],"categories":[12,4],"tags":[],"_links":{"self":[{"href":"https:\/\/timf.upg-ploiesti.ro\/ls\/wp-json\/wp\/v2\/posts\/527"}],"collection":[{"href":"https:\/\/timf.upg-ploiesti.ro\/ls\/wp-json\/wp\/v2\/posts"}],"about":[{"href":"https:\/\/timf.upg-ploiesti.ro\/ls\/wp-json\/wp\/v2\/types\/post"}],"author":[{"embeddable":true,"href":"https:\/\/timf.upg-ploiesti.ro\/ls\/wp-json\/wp\/v2\/users\/2"}],"replies":[{"embeddable":true,"href":"https:\/\/timf.upg-ploiesti.ro\/ls\/wp-json\/wp\/v2\/comments?post=527"}],"version-history":[{"count":1,"href":"https:\/\/timf.upg-ploiesti.ro\/ls\/wp-json\/wp\/v2\/posts\/527\/revisions"}],"predecessor-version":[{"id":528,"href":"https:\/\/timf.upg-ploiesti.ro\/ls\/wp-json\/wp\/v2\/posts\/527\/revisions\/528"}],"wp:attachment":[{"href":"https:\/\/timf.upg-ploiesti.ro\/ls\/wp-json\/wp\/v2\/media?parent=527"}],"wp:term":[{"taxonomy":"category","embeddable":true,"href":"https:\/\/timf.upg-ploiesti.ro\/ls\/wp-json\/wp\/v2\/categories?post=527"},{"taxonomy":"post_tag","embeddable":true,"href":"https:\/\/timf.upg-ploiesti.ro\/ls\/wp-json\/wp\/v2\/tags?post=527"}],"curies":[{"name":"wp","href":"https:\/\/api.w.org\/{rel}","templated":true}]}}